{"id":3123,"date":"2022-02-02T12:03:56","date_gmt":"2022-02-02T19:03:56","guid":{"rendered":"https:\/\/ww2.revistalocal.com\/principal\/?p=3123"},"modified":"2022-02-14T12:08:23","modified_gmt":"2022-02-14T19:08:23","slug":"eventos2021","status":"publish","type":"post","link":"https:\/\/ww2.revistalocal.com\/principal\/eventos2021\/","title":{"rendered":"Eventos"},"content":{"rendered":"<p>[et_pb_section fb_built=\u00bb1&#8243; _builder_version=\u00bb4.10.1&#8243; _module_preset=\u00bbdefault\u00bb][et_pb_row _builder_version=\u00bb4.10.1&#8243; _module_preset=\u00bbdefault\u00bb][et_pb_column _builder_version=\u00bb4.10.1&#8243; _module_preset=\u00bbdefault\u00bb type=\u00bb4_4&#8243;][et_pb_image src=\u00bbhttps:\/\/images.unsplash.com\/photo-1638132704781-d1bdc0f43a6c?ixlib=rb-1.2.1&#038;ixid=MnwxMjA3fDB8MHxwaG90by1wYWdlfHx8fGVufDB8fHx8&#038;auto=format&#038;fit=crop&#038;w=1170&#038;q=80&#8243; _builder_version=\u00bb4.10.1&#8243; _module_preset=\u00bbdefault\u00bb hover_enabled=\u00bb0&#8243; sticky_enabled=\u00bb0&#8243; custom_margin=\u00bb|||-163px||\u00bb][\/et_pb_image][et_pb_text _builder_version=\u00bb4.10.1&#8243; _module_preset=\u00bbdefault\u00bb hover_enabled=\u00bb0&#8243; sticky_enabled=\u00bb0&#8243; text_font=\u00bbPoppins||||||||\u00bb text_font_size=\u00bb46px\u00bb min_height=\u00bb66px\u00bb]<\/p>\n<p>Eventos<\/p>\n<p>[\/et_pb_text][et_pb_text _builder_version=\u00bb4.10.1&#8243; _module_preset=\u00bbdefault\u00bb hover_enabled=\u00bb0&#8243; sticky_enabled=\u00bb0&#8243; inline_fonts=\u00bbPoppins\u00bb]<\/p>\n<p><span style=\"font-family: Poppins;\">Te presentamos nuestros eventos del a\u00f1o 2021:<\/span><\/p>\n<p><span style=\"font-family: Poppins;\">La revista local fue invitada a algunos eventos del a\u00f1o para celebrar con nuestros clientes el aniversario y dem\u00e1s eventos.<\/span><\/p>\n<p><span style=\"font-family: Poppins;\">Magnolia\u2019s Anniversary 4 sept, 2021<\/span><br \/><span style=\"font-family: Poppins;\">Celin boutique\u2019a Anniversary 30 sept, 2021<\/span><br \/><span style=\"font-family: Poppins;\">Conferencia SustentaT 15 oct, 2021<\/span><br \/><span style=\"font-family: Poppins;\">Gran subasta de Arte 28 oct, 2021<\/span><br \/><span style=\"font-family: Poppins;\">Cuva\u2019s Anniversary 5 nov, 2021<\/span><br \/><span style=\"font-family: Poppins;\">Unic\u2019s Anniversary 22 nov, 2021<\/span><br \/><span style=\"font-family: Poppins;\">Rueda de prensa Hospital \u00c1ngeles 17 dic, 2022<\/span><br \/><span style=\"font-family: Poppins;\">Kala\u2019s Anniversary 15 ene, 2022<\/span><\/p>\n<p>[\/et_pb_text][et_pb_slider _builder_version=\u00bb4.10.1&#8243; _module_preset=\u00bbdefault\u00bb hover_enabled=\u00bb0&#8243; sticky_enabled=\u00bb0&#8243;][et_pb_slide heading=\u00bbMagnolia\u2019s Anniversary\u00bb _builder_version=\u00bb4.10.1&#8243; _module_preset=\u00bbdefault\u00bb background_color=\u00bbRGBA(0,0,0,0)\u00bb background_enable_color=\u00bbon\u00bb title_text=\u00bbMagnolia&#8217;s anniversary\u00bb background_image=\u00bbhttps:\/\/ww2.revistalocal.com\/principal\/wp-content\/uploads\/2022\/02\/DSC_0227.jpg\u00bb background_enable_image=\u00bbon\u00bb header_font=\u00bbPoppins||||||||\u00bb body_font=\u00bbPoppins||||||||\u00bb hover_enabled=\u00bb0&#8243; sticky_enabled=\u00bb0&#8243;]<\/p>\n<p>&nbsp;<\/p>\n<p>&nbsp;<\/p>\n<p>4 sept, 2021<\/p>\n<p>&nbsp;<\/p>\n<p>&nbsp;<\/p>\n<p>[\/et_pb_slide][et_pb_slide heading=\u00bbCelin boutique\u2019s Anniversary \u00bb _builder_version=\u00bb4.10.1&#8243; _module_preset=\u00bbdefault\u00bb background_color=\u00bbRGBA(0,0,0,0)\u00bb background_enable_color=\u00bbon\u00bb title_text=\u00bbIMG_6967 2&#8243; background_image=\u00bbhttps:\/\/ww2.revistalocal.com\/principal\/wp-content\/uploads\/2022\/02\/IMG_6967-2.jpg\u00bb background_enable_image=\u00bbon\u00bb header_font=\u00bbPoppins||||||||\u00bb body_font=\u00bbPoppins||||||||\u00bb hover_enabled=\u00bb0&#8243; sticky_enabled=\u00bb0&#8243; background_position=\u00bbtop_right\u00bb]<\/p>\n<p>&nbsp;<\/p>\n<p>&nbsp;<\/p>\n<p>30 sept, 2021<\/p>\n<p>&nbsp;<\/p>\n<p>&nbsp;<\/p>\n<p>[\/et_pb_slide][et_pb_slide heading=\u00bbConferencia SustentaT \u00bb _builder_version=\u00bb4.10.1&#8243; _module_preset=\u00bbdefault\u00bb background_color=\u00bbRGBA(0,0,0,0)\u00bb background_enable_color=\u00bbon\u00bb title_text=\u00bbConferencia SustentaT\u00bb background_image=\u00bbhttps:\/\/ww2.revistalocal.com\/principal\/wp-content\/uploads\/2022\/02\/IMG_7310.jpg\u00bb background_enable_image=\u00bbon\u00bb header_font=\u00bbPoppins||||||||\u00bb body_font=\u00bbPoppins||||||||\u00bb hover_enabled=\u00bb0&#8243; sticky_enabled=\u00bb0&#8243;]<\/p>\n<p>&nbsp;<\/p>\n<p>&nbsp;<\/p>\n<p>15 oct, 2021<\/p>\n<p>&nbsp;<\/p>\n<p>&nbsp;<\/p>\n<p>[\/et_pb_slide][et_pb_slide heading=\u00bbGran subasta de Arte \u00bb _builder_version=\u00bb4.10.1&#8243; _module_preset=\u00bbdefault\u00bb background_color=\u00bbRGBA(0,0,0,0)\u00bb background_enable_color=\u00bbon\u00bb title_text=\u00bbIMG_C58B65876EFC-1&#8243; background_image=\u00bbhttps:\/\/ww2.revistalocal.com\/principal\/wp-content\/uploads\/2022\/02\/IMG_C58B65876EFC-1.jpeg\u00bb background_enable_image=\u00bbon\u00bb header_font=\u00bbPoppins||||||||\u00bb body_font=\u00bbPoppins||||||||\u00bb hover_enabled=\u00bb0&#8243; sticky_enabled=\u00bb0&#8243;]<\/p>\n<p>&nbsp;<\/p>\n<p>&nbsp;<\/p>\n<p>28 oct, 2021<\/p>\n<p>&nbsp;<\/p>\n<p>&nbsp;<\/p>\n<p>[\/et_pb_slide][et_pb_slide heading=\u00bbCuva\u2019s Anniversary \u00bb _builder_version=\u00bb4.10.1&#8243; _module_preset=\u00bbdefault\u00bb background_color=\u00bbRGBA(0,0,0,0)\u00bb background_enable_color=\u00bbon\u00bb title_text=\u00bbIMG_28F583DC271E-1&#8243; background_image=\u00bbhttps:\/\/ww2.revistalocal.com\/principal\/wp-content\/uploads\/2022\/02\/IMG_28F583DC271E-1.jpeg\u00bb background_enable_image=\u00bbon\u00bb header_font=\u00bbPoppins||||||||\u00bb body_font=\u00bbPoppins||||||||\u00bb hover_enabled=\u00bb0&#8243; sticky_enabled=\u00bb0&#8243;]<\/p>\n<p>&nbsp;<\/p>\n<p>&nbsp;<\/p>\n<p>5 nov, 2021<\/p>\n<p>&nbsp;<\/p>\n<p>&nbsp;<\/p>\n<p>[\/et_pb_slide][et_pb_slide heading=\u00bbUnic\u2019s Anniversary \u00bb _builder_version=\u00bb4.10.1&#8243; _module_preset=\u00bbdefault\u00bb background_color=\u00bbRGBA(0,0,0,0)\u00bb background_enable_color=\u00bbon\u00bb title_text=\u00bbPHOTO-2021-11-24-10-48-30&#8243; background_image=\u00bbhttps:\/\/ww2.revistalocal.com\/principal\/wp-content\/uploads\/2022\/02\/PHOTO-2021-11-24-10-48-30.jpg\u00bb background_enable_image=\u00bbon\u00bb header_font=\u00bbPoppins||||||||\u00bb body_font=\u00bbPoppins||||||||\u00bb hover_enabled=\u00bb0&#8243; sticky_enabled=\u00bb0&#8243;]<\/p>\n<p>&nbsp;<\/p>\n<p>&nbsp;<\/p>\n<p>22 nov, 2021<\/p>\n<p>&nbsp;<\/p>\n<p>&nbsp;<\/p>\n<p>[\/et_pb_slide][et_pb_slide heading=\u00bbRueda de Prensa Hospital \u00c1ngeles \u00bb _builder_version=\u00bb4.10.1&#8243; _module_preset=\u00bbdefault\u00bb background_color=\u00bbRGBA(0,0,0,0)\u00bb background_enable_color=\u00bbon\u00bb title_text=\u00bbRESONANCIA MAGN\u00c9TICA\u00bb background_image=\u00bbhttps:\/\/ww2.revistalocal.com\/principal\/wp-content\/uploads\/2022\/02\/RESONANCIA-MAGNETICA-1-scaled.jpg\u00bb background_enable_image=\u00bbon\u00bb header_font=\u00bbPoppins||||||||\u00bb body_font=\u00bbPoppins||||||||\u00bb hover_enabled=\u00bb0&#8243; sticky_enabled=\u00bb0&#8243;]<\/p>\n<p>&nbsp;<\/p>\n<p>&nbsp;<\/p>\n<p>17 dic, 2021<\/p>\n<p>&nbsp;<\/p>\n<p>&nbsp;<\/p>\n<p>[\/et_pb_slide][et_pb_slide heading=\u00bbKala\u2019s Anniversary \u00bb _builder_version=\u00bb4.10.1&#8243; _module_preset=\u00bbdefault\u00bb background_color=\u00bbRGBA(0,0,0,0)\u00bb background_enable_color=\u00bbon\u00bb title_text=\u00bbIMG_0630&#8243; background_image=\u00bbhttps:\/\/ww2.revistalocal.com\/principal\/wp-content\/uploads\/2022\/02\/IMG_0630.jpg\u00bb background_enable_image=\u00bbon\u00bb header_font=\u00bbPoppins||||||||\u00bb body_font=\u00bbPoppins||||||||\u00bb hover_enabled=\u00bb0&#8243; sticky_enabled=\u00bb0&#8243;]<\/p>\n<p>&nbsp;<\/p>\n<p>&nbsp;<\/p>\n<p>15 ene, 2022<\/p>\n<p>&nbsp;<\/p>\n<p>&nbsp;<\/p>\n<p>[\/et_pb_slide][\/et_pb_slider][et_pb_text _builder_version=\u00bb4.10.1&#8243; _module_preset=\u00bbdefault\u00bb hover_enabled=\u00bb0&#8243; sticky_enabled=\u00bb0&#8243; inline_fonts=\u00bbPoppins\u00bb custom_padding=\u00bb||0px|||\u00bb]<\/p>\n<p><span style=\"font-family: Poppins;\">Si te interesa invitarnos a tus eventos ll\u00e1manos o escr\u00edbenos a nuestro Instagram o contacto, recuerda que siendo cliente puedes adquirir estos beneficios.<\/span><\/p>\n<p>[\/et_pb_text][\/et_pb_column][\/et_pb_row][\/et_pb_section]<\/p>\n","protected":false},"excerpt":{"rendered":"<p>EventosTe presentamos nuestros eventos del a\u00f1o 2021: La revista local fue invitada a algunos eventos del a\u00f1o para celebrar con nuestros clientes el aniversario y dem\u00e1s eventos. Magnolia\u2019s Anniversary 4 sept, 2021Celin boutique\u2019a Anniversary 30 sept, 2021Conferencia SustentaT 15 oct, 2021Gran subasta de Arte 28 oct, 2021Cuva\u2019s Anniversary 5 nov, 2021Unic\u2019s Anniversary 22 nov, 2021Rueda [&hellip;]<\/p>\n","protected":false},"author":1,"featured_media":0,"comment_status":"closed","ping_status":"open","sticky":false,"template":"","format":"standard","meta":{"_et_pb_use_builder":"on","_et_pb_old_content":"","_et_gb_content_width":""},"categories":[1],"tags":[],"_links":{"self":[{"href":"https:\/\/ww2.revistalocal.com\/principal\/wp-json\/wp\/v2\/posts\/3123"}],"collection":[{"href":"https:\/\/ww2.revistalocal.com\/principal\/wp-json\/wp\/v2\/posts"}],"about":[{"href":"https:\/\/ww2.revistalocal.com\/principal\/wp-json\/wp\/v2\/types\/post"}],"author":[{"embeddable":true,"href":"https:\/\/ww2.revistalocal.com\/principal\/wp-json\/wp\/v2\/users\/1"}],"replies":[{"embeddable":true,"href":"https:\/\/ww2.revistalocal.com\/principal\/wp-json\/wp\/v2\/comments?post=3123"}],"version-history":[{"count":4,"href":"https:\/\/ww2.revistalocal.com\/principal\/wp-json\/wp\/v2\/posts\/3123\/revisions"}],"predecessor-version":[{"id":3190,"href":"https:\/\/ww2.revistalocal.com\/principal\/wp-json\/wp\/v2\/posts\/3123\/revisions\/3190"}],"wp:attachment":[{"href":"https:\/\/ww2.revistalocal.com\/principal\/wp-json\/wp\/v2\/media?parent=3123"}],"wp:term":[{"taxonomy":"category","embeddable":true,"href":"https:\/\/ww2.revistalocal.com\/principal\/wp-json\/wp\/v2\/categories?post=3123"},{"taxonomy":"post_tag","embeddable":true,"href":"https:\/\/ww2.revistalocal.com\/principal\/wp-json\/wp\/v2\/tags?post=3123"}],"curies":[{"name":"wp","href":"https:\/\/api.w.org\/{rel}","templated":true}]}}